{"id":4594,"date":"2021-07-27T10:16:12","date_gmt":"2021-07-27T08:16:12","guid":{"rendered":"https:\/\/www.incomac.com\/?p=4594"},"modified":"2021-07-27T10:16:12","modified_gmt":"2021-07-27T08:16:12","slug":"fermeture-vacances-dete-incomac-2021","status":"publish","type":"post","link":"https:\/\/www.incomac.com\/fr\/connaissances\/news-fr\/fermeture-vacances-dete-incomac-2021\/","title":{"rendered":"Fermeture vacances d\u2019\u00e9t\u00e9 Incomac 2021"},"content":{"rendered":"<p><img loading=\"lazy\" decoding=\"async\" class=\"aligncenter wp-image-4556 size-800-width\" src=\"https:\/\/www.incomac.com\/wp-content\/uploads\/2021\/07\/Chisura_estiva2021_news-800x592.png\" alt=\"\" width=\"800\" height=\"592\" srcset=\"https:\/\/www.incomac.com\/wp-content\/uploads\/2021\/07\/Chisura_estiva2021_news-800x592.png 800w, https:\/\/www.incomac.com\/wp-content\/uploads\/2021\/07\/Chisura_estiva2021_news-300x222.png 300w, https:\/\/www.incomac.com\/wp-content\/uploads\/2021\/07\/Chisura_estiva2021_news-1024x758.png 1024w, https:\/\/www.incomac.com\/wp-content\/uploads\/2021\/07\/Chisura_estiva2021_news-768x568.png 768w, https:\/\/www.incomac.com\/wp-content\/uploads\/2021\/07\/Chisura_estiva2021_news-1536x1137.png 1536w, https:\/\/www.incomac.com\/wp-content\/uploads\/2021\/07\/Chisura_estiva2021_news-50x37.png 50w, https:\/\/www.incomac.com\/wp-content\/uploads\/2021\/07\/Chisura_estiva2021_news-100x74.png 100w, https:\/\/www.incomac.com\/wp-content\/uploads\/2021\/07\/Chisura_estiva2021_news-200x148.png 200w, https:\/\/www.incomac.com\/wp-content\/uploads\/2021\/07\/Chisura_estiva2021_news-400x296.png 400w, https:\/\/www.incomac.com\/wp-content\/uploads\/2021\/07\/Chisura_estiva2021_news-600x444.png 600w, https:\/\/www.incomac.com\/wp-content\/uploads\/2021\/07\/Chisura_estiva2021_news-1000x740.png 1000w, https:\/\/www.incomac.com\/wp-content\/uploads\/2021\/07\/Chisura_estiva2021_news-1200x888.png 1200w, https:\/\/www.incomac.com\/wp-content\/uploads\/2021\/07\/Chisura_estiva2021_news-1400x1036.png 1400w, https:\/\/www.incomac.com\/wp-content\/uploads\/2021\/07\/Chisura_estiva2021_news.png 1600w\" sizes=\"auto, (max-width: 800px) 100vw, 800px\" \/><\/p>\n<p>Nombreuses sont les \u00e9tapes que nous avons atteint dans cette premi\u00e8re partie de 2021 !<\/p>\n<p>Nous ne pourrions pas en \u00eatre plus fiers.<\/p>\n<p>&nbsp;<\/p>\n<p>Mais maintenant en Italie est arriv\u00e9 la p\u00e9riode des vacances d\u2019\u00e9t\u00e9 et <strong>du 9 au 13 ao\u00fbt nos bureaux seront ferm\u00e9s<\/strong>.<\/p>\n<p>&nbsp;<\/p>\n<p>Le <strong>service d\u2019assistance<\/strong> restera cependant <strong>\u00e0 Votre disposition<\/strong> pour toute urgence li\u00e9e \u00e0 la gestion des installations.<\/p>\n<p>Vous pourrez nous contacter au <strong><a href=\"mailto:service@incomac.com\"><span style=\"color: #0084d5;\">service@incomac.com<\/span><\/a><\/strong>.<\/p>\n<p>&nbsp;<\/p>\n<p>Nous profitons de l\u2019occasion pour vous souhaiter de bonnes vacances d\u2019\u00e9t\u00e9\u00a0!<\/p>\n<p>&nbsp;<\/p>\n<p>&nbsp;<\/p>\n<p style=\"text-align: center;\">Souhaitez-vous \u00eatre inform\u00e9 des derni\u00e8res actualit\u00e9s\u00a0?<\/p>\n<p style=\"text-align: center;\">Faites d\u00e9filer la page vers le bas et inscrivez-vous \u00e0 notre newsletter\u00a0!<\/p>\n","protected":false},"excerpt":{"rendered":"<p>Nombreuses sont les \u00e9tapes que nous avons atteint dans cette premi\u00e8re partie de 2021 ! Nous ne pourrions pas en \u00eatre plus fiers. &nbsp; Mais maintenant en Italie est arriv\u00e9 la p\u00e9riode des vacances d\u2019\u00e9t\u00e9 et du 9 au 13 ao\u00fbt nos bureaux seront ferm\u00e9s. &nbsp; Le service d\u2019assistance restera cependant \u00e0 Votre disposition pour [&hellip;]<\/p>\n","protected":false},"author":7,"featured_media":4557,"comment_status":"open","ping_status":"open","sticky":false,"template":"","format":"standard","meta":{"_acf_changed":false,"inline_featured_image":false,"footnotes":""},"categories":[168],"tags":[],"class_list":["post-4594","post","type-post","status-publish","format-standard","has-post-thumbnail","hentry","category-news-fr"],"acf":[],"yoast_head":"<!-- This site is optimized with the Yoast SEO plugin v24.5 - https:\/\/yoast.com\/wordpress\/plugins\/seo\/ -->\n<title>Fermeture vacances d\u2019\u00e9t\u00e9 Incomac 2021 | Incomac<\/title>\n<meta name=\"robots\" content=\"index, follow, max-snippet:-1, max-image-preview:large, max-video-preview:-1\" \/>\n<link rel=\"canonical\" href=\"https:\/\/www.incomac.com\/fr\/wp-json\/wp\/v2\/posts\/4594\" \/>\n<meta property=\"og:locale\" content=\"fr_FR\" \/>\n<meta property=\"og:type\" content=\"article\" \/>\n<meta property=\"og:title\" content=\"Fermeture vacances d\u2019\u00e9t\u00e9 Incomac 2021 | Incomac\" \/>\n<meta property=\"og:description\" content=\"Nombreuses sont les \u00e9tapes que nous avons atteint dans cette premi\u00e8re partie de 2021 ! Nous ne pourrions pas en \u00eatre plus fiers. &nbsp; Mais maintenant en Italie est arriv\u00e9 la p\u00e9riode des vacances d\u2019\u00e9t\u00e9 et du 9 au 13 ao\u00fbt nos bureaux seront ferm\u00e9s. &nbsp; Le service d\u2019assistance restera cependant \u00e0 Votre disposition pour [&hellip;]\" \/>\n<meta property=\"og:url\" content=\"https:\/\/www.incomac.com\/fr\/wp-json\/wp\/v2\/posts\/4594\" \/>\n<meta property=\"og:site_name\" content=\"Incomac\" \/>\n<meta property=\"article:published_time\" content=\"2021-07-27T08:16:12+00:00\" \/>\n<meta property=\"og:image\" content=\"https:\/\/www.incomac.com\/wp-content\/uploads\/2021\/07\/Chisura_estiva2021_news.png\" \/>\n\t<meta property=\"og:image:width\" content=\"1600\" \/>\n\t<meta property=\"og:image:height\" content=\"1184\" \/>\n\t<meta property=\"og:image:type\" content=\"image\/png\" \/>\n<meta name=\"author\" content=\"Serena Trolvi\" \/>\n<meta name=\"twitter:card\" content=\"summary_large_image\" \/>\n<meta name=\"twitter:label1\" content=\"Written by\" \/>\n\t<meta name=\"twitter:data1\" content=\"Serena Trolvi\" \/>\n\t<meta name=\"twitter:label2\" content=\"Est. reading time\" \/>\n\t<meta name=\"twitter:data2\" content=\"1 minute\" \/>\n<script type=\"application\/ld+json\" class=\"yoast-schema-graph\">{\"@context\":\"https:\/\/schema.org\",\"@graph\":[{\"@type\":\"WebPage\",\"@id\":\"https:\/\/www.incomac.com\/fr\/connaissances\/news-fr\/fermeture-vacances-dete-incomac-2021\/\",\"url\":\"https:\/\/www.incomac.com\/fr\/connaissances\/news-fr\/fermeture-vacances-dete-incomac-2021\/\",\"name\":\"Fermeture vacances d\u2019\u00e9t\u00e9 Incomac 2021 | Incomac\",\"isPartOf\":{\"@id\":\"https:\/\/www.incomac.com\/fr\/#website\"},\"primaryImageOfPage\":{\"@id\":\"https:\/\/www.incomac.com\/fr\/connaissances\/news-fr\/fermeture-vacances-dete-incomac-2021\/#primaryimage\"},\"image\":{\"@id\":\"https:\/\/www.incomac.com\/fr\/connaissances\/news-fr\/fermeture-vacances-dete-incomac-2021\/#primaryimage\"},\"thumbnailUrl\":\"https:\/\/www.incomac.com\/wp-content\/uploads\/2021\/07\/Chisura_estiva2021_news.png\",\"datePublished\":\"2021-07-27T08:16:12+00:00\",\"author\":{\"@id\":\"https:\/\/www.incomac.com\/fr\/#\/schema\/person\/934ee0b37ee6efc15c40adf122aae594\"},\"breadcrumb\":{\"@id\":\"https:\/\/www.incomac.com\/fr\/connaissances\/news-fr\/fermeture-vacances-dete-incomac-2021\/#breadcrumb\"},\"inLanguage\":\"fr-FR\",\"potentialAction\":[{\"@type\":\"ReadAction\",\"target\":[\"https:\/\/www.incomac.com\/fr\/connaissances\/news-fr\/fermeture-vacances-dete-incomac-2021\/\"]}]},{\"@type\":\"ImageObject\",\"inLanguage\":\"fr-FR\",\"@id\":\"https:\/\/www.incomac.com\/fr\/connaissances\/news-fr\/fermeture-vacances-dete-incomac-2021\/#primaryimage\",\"url\":\"https:\/\/www.incomac.com\/wp-content\/uploads\/2021\/07\/Chisura_estiva2021_news.png\",\"contentUrl\":\"https:\/\/www.incomac.com\/wp-content\/uploads\/2021\/07\/Chisura_estiva2021_news.png\",\"width\":1600,\"height\":1184},{\"@type\":\"BreadcrumbList\",\"@id\":\"https:\/\/www.incomac.com\/fr\/connaissances\/news-fr\/fermeture-vacances-dete-incomac-2021\/#breadcrumb\",\"itemListElement\":[{\"@type\":\"ListItem\",\"position\":1,\"name\":\"Home\",\"item\":\"https:\/\/www.incomac.com\/fr\/\"},{\"@type\":\"ListItem\",\"position\":2,\"name\":\"Nouvelles\",\"item\":\"https:\/\/www.incomac.com\/fr\/connaissances\/news-fr\/\"},{\"@type\":\"ListItem\",\"position\":3,\"name\":\"Fermeture vacances d\u2019\u00e9t\u00e9 Incomac 2021\"}]},{\"@type\":\"WebSite\",\"@id\":\"https:\/\/www.incomac.com\/fr\/#website\",\"url\":\"https:\/\/www.incomac.com\/fr\/\",\"name\":\"Incomac\",\"description\":\"Future drying systems\",\"potentialAction\":[{\"@type\":\"SearchAction\",\"target\":{\"@type\":\"EntryPoint\",\"urlTemplate\":\"https:\/\/www.incomac.com\/fr\/?s={search_term_string}\"},\"query-input\":{\"@type\":\"PropertyValueSpecification\",\"valueRequired\":true,\"valueName\":\"search_term_string\"}}],\"inLanguage\":\"fr-FR\"},{\"@type\":\"Person\",\"@id\":\"https:\/\/www.incomac.com\/fr\/#\/schema\/person\/934ee0b37ee6efc15c40adf122aae594\",\"name\":\"Serena Trolvi\",\"image\":{\"@type\":\"ImageObject\",\"inLanguage\":\"fr-FR\",\"@id\":\"https:\/\/www.incomac.com\/fr\/#\/schema\/person\/image\/\",\"url\":\"https:\/\/secure.gravatar.com\/avatar\/f499eec252e727c74b5b454dbb966d1a742b6130744c405a14f86d403f6f634e?s=96&d=mm&r=g\",\"contentUrl\":\"https:\/\/secure.gravatar.com\/avatar\/f499eec252e727c74b5b454dbb966d1a742b6130744c405a14f86d403f6f634e?s=96&d=mm&r=g\",\"caption\":\"Serena Trolvi\"},\"url\":\"https:\/\/www.incomac.com\/fr\/author\/serena\/\"}]}<\/script>\n<!-- \/ Yoast SEO plugin. -->","yoast_head_json":{"title":"Fermeture vacances d\u2019\u00e9t\u00e9 Incomac 2021 | Incomac","robots":{"index":"index","follow":"follow","max-snippet":"max-snippet:-1","max-image-preview":"max-image-preview:large","max-video-preview":"max-video-preview:-1"},"canonical":"https:\/\/www.incomac.com\/fr\/wp-json\/wp\/v2\/posts\/4594","og_locale":"fr_FR","og_type":"article","og_title":"Fermeture vacances d\u2019\u00e9t\u00e9 Incomac 2021 | Incomac","og_description":"Nombreuses sont les \u00e9tapes que nous avons atteint dans cette premi\u00e8re partie de 2021 ! Nous ne pourrions pas en \u00eatre plus fiers. &nbsp; Mais maintenant en Italie est arriv\u00e9 la p\u00e9riode des vacances d\u2019\u00e9t\u00e9 et du 9 au 13 ao\u00fbt nos bureaux seront ferm\u00e9s. &nbsp; Le service d\u2019assistance restera cependant \u00e0 Votre disposition pour [&hellip;]","og_url":"https:\/\/www.incomac.com\/fr\/wp-json\/wp\/v2\/posts\/4594","og_site_name":"Incomac","article_published_time":"2021-07-27T08:16:12+00:00","og_image":[{"width":1600,"height":1184,"url":"https:\/\/www.incomac.com\/wp-content\/uploads\/2021\/07\/Chisura_estiva2021_news.png","type":"image\/png"}],"author":"Serena Trolvi","twitter_card":"summary_large_image","twitter_misc":{"Written by":"Serena Trolvi","Est. reading time":"1 minute"},"schema":{"@context":"https:\/\/schema.org","@graph":[{"@type":"WebPage","@id":"https:\/\/www.incomac.com\/fr\/connaissances\/news-fr\/fermeture-vacances-dete-incomac-2021\/","url":"https:\/\/www.incomac.com\/fr\/connaissances\/news-fr\/fermeture-vacances-dete-incomac-2021\/","name":"Fermeture vacances d\u2019\u00e9t\u00e9 Incomac 2021 | Incomac","isPartOf":{"@id":"https:\/\/www.incomac.com\/fr\/#website"},"primaryImageOfPage":{"@id":"https:\/\/www.incomac.com\/fr\/connaissances\/news-fr\/fermeture-vacances-dete-incomac-2021\/#primaryimage"},"image":{"@id":"https:\/\/www.incomac.com\/fr\/connaissances\/news-fr\/fermeture-vacances-dete-incomac-2021\/#primaryimage"},"thumbnailUrl":"https:\/\/www.incomac.com\/wp-content\/uploads\/2021\/07\/Chisura_estiva2021_news.png","datePublished":"2021-07-27T08:16:12+00:00","author":{"@id":"https:\/\/www.incomac.com\/fr\/#\/schema\/person\/934ee0b37ee6efc15c40adf122aae594"},"breadcrumb":{"@id":"https:\/\/www.incomac.com\/fr\/connaissances\/news-fr\/fermeture-vacances-dete-incomac-2021\/#breadcrumb"},"inLanguage":"fr-FR","potentialAction":[{"@type":"ReadAction","target":["https:\/\/www.incomac.com\/fr\/connaissances\/news-fr\/fermeture-vacances-dete-incomac-2021\/"]}]},{"@type":"ImageObject","inLanguage":"fr-FR","@id":"https:\/\/www.incomac.com\/fr\/connaissances\/news-fr\/fermeture-vacances-dete-incomac-2021\/#primaryimage","url":"https:\/\/www.incomac.com\/wp-content\/uploads\/2021\/07\/Chisura_estiva2021_news.png","contentUrl":"https:\/\/www.incomac.com\/wp-content\/uploads\/2021\/07\/Chisura_estiva2021_news.png","width":1600,"height":1184},{"@type":"BreadcrumbList","@id":"https:\/\/www.incomac.com\/fr\/connaissances\/news-fr\/fermeture-vacances-dete-incomac-2021\/#breadcrumb","itemListElement":[{"@type":"ListItem","position":1,"name":"Home","item":"https:\/\/www.incomac.com\/fr\/"},{"@type":"ListItem","position":2,"name":"Nouvelles","item":"https:\/\/www.incomac.com\/fr\/connaissances\/news-fr\/"},{"@type":"ListItem","position":3,"name":"Fermeture vacances d\u2019\u00e9t\u00e9 Incomac 2021"}]},{"@type":"WebSite","@id":"https:\/\/www.incomac.com\/fr\/#website","url":"https:\/\/www.incomac.com\/fr\/","name":"Incomac","description":"Future drying systems","potentialAction":[{"@type":"SearchAction","target":{"@type":"EntryPoint","urlTemplate":"https:\/\/www.incomac.com\/fr\/?s={search_term_string}"},"query-input":{"@type":"PropertyValueSpecification","valueRequired":true,"valueName":"search_term_string"}}],"inLanguage":"fr-FR"},{"@type":"Person","@id":"https:\/\/www.incomac.com\/fr\/#\/schema\/person\/934ee0b37ee6efc15c40adf122aae594","name":"Serena Trolvi","image":{"@type":"ImageObject","inLanguage":"fr-FR","@id":"https:\/\/www.incomac.com\/fr\/#\/schema\/person\/image\/","url":"https:\/\/secure.gravatar.com\/avatar\/f499eec252e727c74b5b454dbb966d1a742b6130744c405a14f86d403f6f634e?s=96&d=mm&r=g","contentUrl":"https:\/\/secure.gravatar.com\/avatar\/f499eec252e727c74b5b454dbb966d1a742b6130744c405a14f86d403f6f634e?s=96&d=mm&r=g","caption":"Serena Trolvi"},"url":"https:\/\/www.incomac.com\/fr\/author\/serena\/"}]}},"_links":{"self":[{"href":"https:\/\/www.incomac.com\/fr\/wp-json\/wp\/v2\/posts\/4594","targetHints":{"allow":["GET"]}}],"collection":[{"href":"https:\/\/www.incomac.com\/fr\/wp-json\/wp\/v2\/posts"}],"about":[{"href":"https:\/\/www.incomac.com\/fr\/wp-json\/wp\/v2\/types\/post"}],"author":[{"embeddable":true,"href":"https:\/\/www.incomac.com\/fr\/wp-json\/wp\/v2\/users\/7"}],"replies":[{"embeddable":true,"href":"https:\/\/www.incomac.com\/fr\/wp-json\/wp\/v2\/comments?post=4594"}],"version-history":[{"count":2,"href":"https:\/\/www.incomac.com\/fr\/wp-json\/wp\/v2\/posts\/4594\/revisions"}],"predecessor-version":[{"id":4596,"href":"https:\/\/www.incomac.com\/fr\/wp-json\/wp\/v2\/posts\/4594\/revisions\/4596"}],"wp:featuredmedia":[{"embeddable":true,"href":"https:\/\/www.incomac.com\/fr\/wp-json\/wp\/v2\/media\/4557"}],"wp:attachment":[{"href":"https:\/\/www.incomac.com\/fr\/wp-json\/wp\/v2\/media?parent=4594"}],"wp:term":[{"taxonomy":"category","embeddable":true,"href":"https:\/\/www.incomac.com\/fr\/wp-json\/wp\/v2\/categories?post=4594"},{"taxonomy":"post_tag","embeddable":true,"href":"https:\/\/www.incomac.com\/fr\/wp-json\/wp\/v2\/tags?post=4594"}],"curies":[{"name":"wp","href":"https:\/\/api.w.org\/{rel}","templated":true}]}}